{"id":1237,"date":"2025-02-08T11:56:42","date_gmt":"2025-02-08T10:56:42","guid":{"rendered":"https:\/\/www.tapadera.es\/?p=1237"},"modified":"2025-02-08T12:06:50","modified_gmt":"2025-02-08T11:06:50","slug":"lleno-absoluto-en-el-casino-obrero-de-bejar","status":"publish","type":"post","link":"https:\/\/www.tapadera.es\/index.php\/2025\/02\/08\/lleno-absoluto-en-el-casino-obrero-de-bejar\/","title":{"rendered":"Lleno absoluto en el Casino Obrero de B\u00e9jar"},"content":{"rendered":"\n<figure class=\"wp-block-image size-large\"><img loading=\"lazy\" decoding=\"async\" width=\"1024\" height=\"254\" src=\"https:\/\/www.tapadera.es\/wp-content\/uploads\/2025\/02\/panoramica-presentacion-casino-obrero-bejar-foto-angel-elices-1024x254.jpeg\" alt=\"\" class=\"wp-image-1238\" srcset=\"https:\/\/www.tapadera.es\/wp-content\/uploads\/2025\/02\/panoramica-presentacion-casino-obrero-bejar-foto-angel-elices-1024x254.jpeg 1024w, https:\/\/www.tapadera.es\/wp-content\/uploads\/2025\/02\/panoramica-presentacion-casino-obrero-bejar-foto-angel-elices-300x74.jpeg 300w, https:\/\/www.tapadera.es\/wp-content\/uploads\/2025\/02\/panoramica-presentacion-casino-obrero-bejar-foto-angel-elices-768x190.jpeg 768w, https:\/\/www.tapadera.es\/wp-content\/uploads\/2025\/02\/panoramica-presentacion-casino-obrero-bejar-foto-angel-elices-1536x380.jpeg 1536w, https:\/\/www.tapadera.es\/wp-content\/uploads\/2025\/02\/panoramica-presentacion-casino-obrero-bejar-foto-angel-elices-2048x507.jpeg 2048w, https:\/\/www.tapadera.es\/wp-content\/uploads\/2025\/02\/panoramica-presentacion-casino-obrero-bejar-foto-angel-elices-720x178.jpeg 720w\" sizes=\"auto, (max-width: 1024px) 100vw, 1024px\" \/><\/figure>\n\n\n\n<p class=\"wp-block-paragraph\">El p\u00fablico de B\u00e9jar acudi\u00f3 a la presentaci\u00f3n de ayer del libro \u00abEl herbario de F\u00e9lix Antig\u00fcedad\u00bb en el Casino Obrero. De hecho hasta llenaron el aforo de la sala, como se puede apreciar en las fotograf\u00edas de Juan Antonio Fr\u00edas Corsino y \u00c1ngel Elices.<\/p>\n\n\n\n<p class=\"wp-block-paragraph\">Tras unas palabras dedicas por la familia de F\u00e9lix Antig\u00fcedad, la introducci\u00f3n de Carmen Casc\u00f3n fue un interesant\u00edsimo acercamiento a su figura humana que atrajo la atenci\u00f3n de la asistencia con su estilo \u00fanico. Luego Vidal G. aport\u00f3 alguna informaci\u00f3n acerca de la curiosa historia que ha dado lugar a este libro y proyect\u00f3 -a pesar de los aconteceres t\u00e9cnicos- algunas im\u00e1genes ilustrativas de la personalidad del que fue insigne y querido m\u00e9dico en B\u00e9jar y comarca.<\/p>\n\n\n\n<p class=\"wp-block-paragraph\">Hubo gente que se desplaz\u00f3 desde bastante lejos para estar presente el el emotivo acto de, en realidad, homenaje a la figura y obra de F\u00e9lix Antig\u00fcedad D\u00edez y de divulgaci\u00f3n y puesta en valor del trabajo que desarroll\u00f3 el siglo pasado. Agradecemos desde estas p\u00e1ginas el esfuerzo realizado para poder acudir al acto y esperamos que hayan quedado -como parec\u00eda- satisfechos del resultado.<\/p>\n\n\n\n<p class=\"wp-block-paragraph\">Como viene siendo habitual en estos nuestros actos, hubo paciencias y perrunillas para coronar el evento, no s\u00f3lo de p\u00e1ginas y libros se vive. Un ejemplar qued\u00f3 para ser incorporado a los fondos de la biblioteca del Ateneo Cultural Casino Obrero y que pueda ser consultado por sus socios y simpatizantes.<\/p>\n\n\n\n<p class=\"wp-block-paragraph\">Queda en el aire una secuela de este acto en este mismo Casino Obrero (al que agradecemos su disponibilidad), pero no vamos a desvelar por el momento en qu\u00e9 consistir\u00e1. Por aqu\u00ed publicaremos m\u00e1s datos en breve, permanezcan atentos.<\/p>\n\n\n<div class=\"wp-block-image\">\n<figure class=\"alignright size-large is-resized\"><img loading=\"lazy\" decoding=\"async\" width=\"637\" height=\"1024\" src=\"https:\/\/www.tapadera.es\/wp-content\/uploads\/2025\/02\/presentacion-libro-herbario-felix-vidal-garcia-libro-perrunillas-637x1024.jpeg\" alt=\"\" class=\"wp-image-1241\" style=\"width:359px;height:auto\" srcset=\"https:\/\/www.tapadera.es\/wp-content\/uploads\/2025\/02\/presentacion-libro-herbario-felix-vidal-garcia-libro-perrunillas-637x1024.jpeg 637w, https:\/\/www.tapadera.es\/wp-content\/uploads\/2025\/02\/presentacion-libro-herbario-felix-vidal-garcia-libro-perrunillas-187x300.jpeg 187w, https:\/\/www.tapadera.es\/wp-content\/uploads\/2025\/02\/presentacion-libro-herbario-felix-vidal-garcia-libro-perrunillas-720x1158.jpeg 720w, https:\/\/www.tapadera.es\/wp-content\/uploads\/2025\/02\/presentacion-libro-herbario-felix-vidal-garcia-libro-perrunillas.jpeg 757w\" sizes=\"auto, (max-width: 637px) 100vw, 637px\" \/><\/figure>\n<\/div>\n\n<div class=\"wp-block-image\">\n<figure class=\"alignleft size-large is-resized\"><img loading=\"lazy\" decoding=\"async\" width=\"637\" height=\"1024\" src=\"https:\/\/www.tapadera.es\/wp-content\/uploads\/2025\/02\/presentacion-libro-herbario-felix-carmen-cascon-vidal-garcia-1-637x1024.jpg\" alt=\"\" class=\"wp-image-1239\" style=\"width:356px;height:auto\" srcset=\"https:\/\/www.tapadera.es\/wp-content\/uploads\/2025\/02\/presentacion-libro-herbario-felix-carmen-cascon-vidal-garcia-1-637x1024.jpg 637w, https:\/\/www.tapadera.es\/wp-content\/uploads\/2025\/02\/presentacion-libro-herbario-felix-carmen-cascon-vidal-garcia-1-187x300.jpg 187w, https:\/\/www.tapadera.es\/wp-content\/uploads\/2025\/02\/presentacion-libro-herbario-felix-carmen-cascon-vidal-garcia-1-720x1158.jpg 720w, https:\/\/www.tapadera.es\/wp-content\/uploads\/2025\/02\/presentacion-libro-herbario-felix-carmen-cascon-vidal-garcia-1.jpg 757w\" sizes=\"auto, (max-width: 637px) 100vw, 637px\" \/><\/figure>\n<\/div>\n\n\n<p class=\"wp-block-paragraph\"><\/p>\n\n\n\n<p class=\"wp-block-paragraph\"><\/p>\n\n\n\n<p class=\"wp-block-paragraph\"><\/p>\n\n\n\n<p class=\"wp-block-paragraph\"><\/p>\n\n\n\n<p class=\"wp-block-paragraph\"><\/p>\n\n\n\n<p class=\"has-text-align-center wp-block-paragraph\">Dos momentos del final de la presentaci\u00f3n fotografiados por Juan Antonio Fr\u00edas Corsino y \u00c1ngel Elices<\/p>\n","protected":false},"excerpt":{"rendered":"<p>El p\u00fablico de B\u00e9jar acudi\u00f3 a la presentaci\u00f3n de ayer del libro \u00abEl herbario de F\u00e9lix Antig\u00fcedad\u00bb en el Casino Obrero. De hecho hasta llenaron el&#46;&#46;&#46;<\/p>\n","protected":false},"author":1,"featured_media":0,"comment_status":"closed","ping_status":"open","sticky":false,"template":"","format":"standard","meta":{"_crdt_document":"","footnotes":""},"categories":[1],"tags":[21,23,31,32,33,34,36],"class_list":["post-1237","post","type-post","status-publish","format-standard","hentry","category-inmediata","tag-libro","tag-presentacion","tag-herbario","tag-felix-antiguedad","tag-bejar","tag-casino-obrero","tag-ateneo-cultural"],"_links":{"self":[{"href":"https:\/\/www.tapadera.es\/index.php\/wp-json\/wp\/v2\/posts\/1237","targetHints":{"allow":["GET"]}}],"collection":[{"href":"https:\/\/www.tapadera.es\/index.php\/wp-json\/wp\/v2\/posts"}],"about":[{"href":"https:\/\/www.tapadera.es\/index.php\/wp-json\/wp\/v2\/types\/post"}],"author":[{"embeddable":true,"href":"https:\/\/www.tapadera.es\/index.php\/wp-json\/wp\/v2\/users\/1"}],"replies":[{"embeddable":true,"href":"https:\/\/www.tapadera.es\/index.php\/wp-json\/wp\/v2\/comments?post=1237"}],"version-history":[{"count":1,"href":"https:\/\/www.tapadera.es\/index.php\/wp-json\/wp\/v2\/posts\/1237\/revisions"}],"predecessor-version":[{"id":1242,"href":"https:\/\/www.tapadera.es\/index.php\/wp-json\/wp\/v2\/posts\/1237\/revisions\/1242"}],"wp:attachment":[{"href":"https:\/\/www.tapadera.es\/index.php\/wp-json\/wp\/v2\/media?parent=1237"}],"wp:term":[{"taxonomy":"category","embeddable":true,"href":"https:\/\/www.tapadera.es\/index.php\/wp-json\/wp\/v2\/categories?post=1237"},{"taxonomy":"post_tag","embeddable":true,"href":"https:\/\/www.tapadera.es\/index.php\/wp-json\/wp\/v2\/tags?post=1237"}],"curies":[{"name":"wp","href":"https:\/\/api.w.org\/{rel}","templated":true}]}}