{"id":1245,"date":"2025-02-12T00:48:49","date_gmt":"2025-02-11T23:48:49","guid":{"rendered":"https:\/\/www.tapadera.es\/?p=1245"},"modified":"2025-02-13T00:40:45","modified_gmt":"2025-02-12T23:40:45","slug":"presentacion-de-el-herbario-de-felix-antiguedad-en-santa-marta-de-tormes-salamanca","status":"publish","type":"post","link":"https:\/\/www.tapadera.es\/index.php\/2025\/02\/12\/presentacion-de-el-herbario-de-felix-antiguedad-en-santa-marta-de-tormes-salamanca\/","title":{"rendered":"Presentaci\u00f3n de \u00abEl herbario de F\u00e9lix Antig\u00fcedad\u00bb en Santa Marta de Tormes (Salamanca)"},"content":{"rendered":"\n<p class=\"wp-block-paragraph\">Ma\u00f1ana jueves 13 de febrero, sobre las 19:30 h. tendr\u00e1 lugar la presentaci\u00f3n del libro en el Centro Comercial El Tormes, situado en Santa Marta. <\/p>\n\n\n\n<p class=\"wp-block-paragraph\">La presentaci\u00f3n correr\u00e1 a cargo de dos de los autores del libro, Conrado Fresno y Vidal G. aunque tambi\u00e9n se espera presencia de alg\u00fan representante de AFABECO y la editorial \u00abEl quinto sello -FALKEN-\u00bb responsable de la edici\u00f3n del libro. El lugar donde se realizar\u00e1 el evento es la llamada \u00abPlaza central\u00bb del centro comercial.<\/p>\n\n\n\n<p class=\"wp-block-paragraph\">A continuaci\u00f3n nos dirigiremos al local 105 que se encuentra cerca de la cafeter\u00eda, frente a la \u00f3ptica, donde se inaugurar\u00e1 una exposici\u00f3n de l\u00e1minas extra\u00eddas del libro, en concreto 28 l\u00e1minas de 50&#215;70 cm con las que nos han parecido m\u00e1s vistosas.<\/p>\n\n\n\n<p class=\"wp-block-paragraph\">Las l\u00e1minas expuestas -cortes\u00eda de el Centro Comercial El Tormes- estar\u00e1n varias semanas en exposici\u00f3n y se podr\u00e1n adquirir al precio de 20\u20ac. La recaudaci\u00f3n ir\u00e1 destinada \u00edntegramente como donativo a AFABECO (Asociaci\u00f3n de Familiares de Alzheimer de B\u00e9jar y Comarca). La fecha de inicio ser\u00e1 ma\u00f1ana 13 de febrero y permanecer\u00e1n colgadas hasta el 15 de marzo. Tiempo para verlas ten\u00e9is, luego no os quej\u00e9is de que dur\u00f3 poco. Y del precio mejor ni hablar, ajustad\u00edsimo para facilitar la venta.<\/p>\n\n\n\n<p class=\"wp-block-paragraph\">All\u00ed os esperamos si os anim\u00e1is y si no pod\u00e9is acudir al acto inaugural al menos no os perd\u00e1is la oportunidad de visitar la exposici\u00f3n. La belleza de las plantas fotografiadas bien vale la pena.<\/p>\n","protected":false},"excerpt":{"rendered":"<p>Ma\u00f1ana jueves 13 de febrero, sobre las 19:30 h. tendr\u00e1 lugar la presentaci\u00f3n del libro en el Centro Comercial El Tormes, situado en Santa Marta. La&#46;&#46;&#46;<\/p>\n","protected":false},"author":1,"featured_media":0,"comment_status":"closed","ping_status":"open","sticky":false,"template":"","format":"standard","meta":{"_crdt_document":"","footnotes":""},"categories":[1],"tags":[42,21,23,29,31,38,39,40,41],"class_list":["post-1245","post","type-post","status-publish","format-standard","hentry","category-inmediata","tag-santa-marta","tag-libro","tag-presentacion","tag-salamanca","tag-herbario","tag-felix-antiguedad-2","tag-exposicion","tag-centro-comercial","tag-el-tormes"],"_links":{"self":[{"href":"https:\/\/www.tapadera.es\/index.php\/wp-json\/wp\/v2\/posts\/1245","targetHints":{"allow":["GET"]}}],"collection":[{"href":"https:\/\/www.tapadera.es\/index.php\/wp-json\/wp\/v2\/posts"}],"about":[{"href":"https:\/\/www.tapadera.es\/index.php\/wp-json\/wp\/v2\/types\/post"}],"author":[{"embeddable":true,"href":"https:\/\/www.tapadera.es\/index.php\/wp-json\/wp\/v2\/users\/1"}],"replies":[{"embeddable":true,"href":"https:\/\/www.tapadera.es\/index.php\/wp-json\/wp\/v2\/comments?post=1245"}],"version-history":[{"count":2,"href":"https:\/\/www.tapadera.es\/index.php\/wp-json\/wp\/v2\/posts\/1245\/revisions"}],"predecessor-version":[{"id":1253,"href":"https:\/\/www.tapadera.es\/index.php\/wp-json\/wp\/v2\/posts\/1245\/revisions\/1253"}],"wp:attachment":[{"href":"https:\/\/www.tapadera.es\/index.php\/wp-json\/wp\/v2\/media?parent=1245"}],"wp:term":[{"taxonomy":"category","embeddable":true,"href":"https:\/\/www.tapadera.es\/index.php\/wp-json\/wp\/v2\/categories?post=1245"},{"taxonomy":"post_tag","embeddable":true,"href":"https:\/\/www.tapadera.es\/index.php\/wp-json\/wp\/v2\/tags?post=1245"}],"curies":[{"name":"wp","href":"https:\/\/api.w.org\/{rel}","templated":true}]}}