{"id":1336,"date":"2025-08-16T14:45:28","date_gmt":"2025-08-16T13:45:28","guid":{"rendered":"https:\/\/www.tapadera.es\/?p=1336"},"modified":"2025-08-17T12:45:23","modified_gmt":"2025-08-17T11:45:23","slug":"aforo-completo","status":"publish","type":"post","link":"https:\/\/www.tapadera.es\/index.php\/2025\/08\/16\/aforo-completo\/","title":{"rendered":"Aforo completo"},"content":{"rendered":"\n<p class=\"wp-block-paragraph\">La presentaci\u00f3n del libro del herbario de F\u00e9lix Antig\u00fcedad en Candelario tuvo una afluencia sorprendente por varias razones: por estar completo, por albergar a 4 generaciones de los descendientes de F\u00e9lix y por el ambiente tan agradable y hasta recoleto del lugar. Sorprendi\u00f3me que en toda la hora no vi a nadie con el m\u00f3vil de la mano huyendo hacia el ciberespacio. Si algui\u00e9n tomo el aparto fue para hacer alguna foto o v\u00eddeo. Esto, para m\u00ed, es la mejor demostraci\u00f3n del \u00e9xito.<\/p>\n\n\n\n<p class=\"wp-block-paragraph\">Gracias a toda la asistencia.<\/p>\n\n\n\n<figure class=\"wp-block-image size-large\"><img loading=\"lazy\" decoding=\"async\" width=\"1024\" height=\"591\" src=\"https:\/\/www.tapadera.es\/wp-content\/uploads\/2025\/08\/presentacion-libro-felix-antiguedada-candelario-1024x591.jpg\" alt=\"\" class=\"wp-image-1337\" srcset=\"https:\/\/www.tapadera.es\/wp-content\/uploads\/2025\/08\/presentacion-libro-felix-antiguedada-candelario-1024x591.jpg 1024w, https:\/\/www.tapadera.es\/wp-content\/uploads\/2025\/08\/presentacion-libro-felix-antiguedada-candelario-300x173.jpg 300w, https:\/\/www.tapadera.es\/wp-content\/uploads\/2025\/08\/presentacion-libro-felix-antiguedada-candelario-768x443.jpg 768w, https:\/\/www.tapadera.es\/wp-content\/uploads\/2025\/08\/presentacion-libro-felix-antiguedada-candelario-1536x886.jpg 1536w, https:\/\/www.tapadera.es\/wp-content\/uploads\/2025\/08\/presentacion-libro-felix-antiguedada-candelario-2048x1181.jpg 2048w, https:\/\/www.tapadera.es\/wp-content\/uploads\/2025\/08\/presentacion-libro-felix-antiguedada-candelario-720x415.jpg 720w\" sizes=\"auto, (max-width: 1024px) 100vw, 1024px\" \/><\/figure>\n","protected":false},"excerpt":{"rendered":"<p>La presentaci\u00f3n del libro del herbario de F\u00e9lix Antig\u00fcedad en Candelario tuvo una afluencia sorprendente por varias razones: por estar completo, por albergar a 4 generaciones&#46;&#46;&#46;<\/p>\n","protected":false},"author":1,"featured_media":0,"comment_status":"closed","ping_status":"open","sticky":false,"template":"","format":"standard","meta":{"_crdt_document":"","footnotes":""},"categories":[1],"tags":[23,31,35,79,84,85,88],"class_list":["post-1336","post","type-post","status-publish","format-standard","hentry","category-inmediata","tag-presentacion","tag-herbario","tag-felix-antiguedad-diez","tag-candelario","tag-carmen-cascon","tag-conrado-fresno","tag-carlos-nina"],"_links":{"self":[{"href":"https:\/\/www.tapadera.es\/index.php\/wp-json\/wp\/v2\/posts\/1336","targetHints":{"allow":["GET"]}}],"collection":[{"href":"https:\/\/www.tapadera.es\/index.php\/wp-json\/wp\/v2\/posts"}],"about":[{"href":"https:\/\/www.tapadera.es\/index.php\/wp-json\/wp\/v2\/types\/post"}],"author":[{"embeddable":true,"href":"https:\/\/www.tapadera.es\/index.php\/wp-json\/wp\/v2\/users\/1"}],"replies":[{"embeddable":true,"href":"https:\/\/www.tapadera.es\/index.php\/wp-json\/wp\/v2\/comments?post=1336"}],"version-history":[{"count":2,"href":"https:\/\/www.tapadera.es\/index.php\/wp-json\/wp\/v2\/posts\/1336\/revisions"}],"predecessor-version":[{"id":1341,"href":"https:\/\/www.tapadera.es\/index.php\/wp-json\/wp\/v2\/posts\/1336\/revisions\/1341"}],"wp:attachment":[{"href":"https:\/\/www.tapadera.es\/index.php\/wp-json\/wp\/v2\/media?parent=1336"}],"wp:term":[{"taxonomy":"category","embeddable":true,"href":"https:\/\/www.tapadera.es\/index.php\/wp-json\/wp\/v2\/categories?post=1336"},{"taxonomy":"post_tag","embeddable":true,"href":"https:\/\/www.tapadera.es\/index.php\/wp-json\/wp\/v2\/tags?post=1336"}],"curies":[{"name":"wp","href":"https:\/\/api.w.org\/{rel}","templated":true}]}}