{"id":1342,"date":"2025-08-22T14:22:13","date_gmt":"2025-08-22T13:22:13","guid":{"rendered":"https:\/\/www.tapadera.es\/?p=1342"},"modified":"2025-08-22T14:22:14","modified_gmt":"2025-08-22T13:22:14","slug":"nueva-edicion-de-la-exposicion","status":"publish","type":"post","link":"https:\/\/www.tapadera.es\/index.php\/2025\/08\/22\/nueva-edicion-de-la-exposicion\/","title":{"rendered":"Nueva edici\u00f3n de la exposici\u00f3n"},"content":{"rendered":"\n<p class=\"wp-block-paragraph\">La expo \u00abMiradas sin fronteras\/Olhares sem fronteiras\u00bb tiene nueva edici\u00f3n. Del 23 a las 13 horas (inaguraci\u00f3n) al 31 de agosto se puede visitar en Sobradillo, en el torre\u00f3n del castillo. Los detalles y horarios se pueden ver en el cartel de m\u00e1s abajo.<\/p>\n\n\n\n<figure class=\"wp-block-image size-large\"><img loading=\"lazy\" decoding=\"async\" width=\"709\" height=\"1024\" src=\"https:\/\/www.tapadera.es\/wp-content\/uploads\/2025\/08\/Exposicion-Fotografia-709x1024.jpg\" alt=\"\" class=\"wp-image-1343\" srcset=\"https:\/\/www.tapadera.es\/wp-content\/uploads\/2025\/08\/Exposicion-Fotografia-709x1024.jpg 709w, https:\/\/www.tapadera.es\/wp-content\/uploads\/2025\/08\/Exposicion-Fotografia-208x300.jpg 208w, https:\/\/www.tapadera.es\/wp-content\/uploads\/2025\/08\/Exposicion-Fotografia.jpg 720w\" sizes=\"auto, (max-width: 709px) 100vw, 709px\" \/><\/figure>\n","protected":false},"excerpt":{"rendered":"<p>La expo \u00abMiradas sin fronteras\/Olhares sem fronteiras\u00bb tiene nueva edici\u00f3n. Del 23 a las 13 horas (inaguraci\u00f3n) al 31 de agosto se puede visitar en Sobradillo,&#46;&#46;&#46;<\/p>\n","protected":false},"author":1,"featured_media":0,"comment_status":"closed","ping_status":"open","sticky":false,"template":"","format":"standard","meta":{"_crdt_document":"","footnotes":""},"categories":[1],"tags":[29,39,63,75,76,89],"class_list":["post-1342","post","type-post","status-publish","format-standard","hentry","category-inmediata","tag-salamanca","tag-exposicion","tag-fotografia","tag-miradas-sin-fronteras","tag-olhares-sem-fronteiras","tag-sobradillo"],"_links":{"self":[{"href":"https:\/\/www.tapadera.es\/index.php\/wp-json\/wp\/v2\/posts\/1342","targetHints":{"allow":["GET"]}}],"collection":[{"href":"https:\/\/www.tapadera.es\/index.php\/wp-json\/wp\/v2\/posts"}],"about":[{"href":"https:\/\/www.tapadera.es\/index.php\/wp-json\/wp\/v2\/types\/post"}],"author":[{"embeddable":true,"href":"https:\/\/www.tapadera.es\/index.php\/wp-json\/wp\/v2\/users\/1"}],"replies":[{"embeddable":true,"href":"https:\/\/www.tapadera.es\/index.php\/wp-json\/wp\/v2\/comments?post=1342"}],"version-history":[{"count":1,"href":"https:\/\/www.tapadera.es\/index.php\/wp-json\/wp\/v2\/posts\/1342\/revisions"}],"predecessor-version":[{"id":1344,"href":"https:\/\/www.tapadera.es\/index.php\/wp-json\/wp\/v2\/posts\/1342\/revisions\/1344"}],"wp:attachment":[{"href":"https:\/\/www.tapadera.es\/index.php\/wp-json\/wp\/v2\/media?parent=1342"}],"wp:term":[{"taxonomy":"category","embeddable":true,"href":"https:\/\/www.tapadera.es\/index.php\/wp-json\/wp\/v2\/categories?post=1342"},{"taxonomy":"post_tag","embeddable":true,"href":"https:\/\/www.tapadera.es\/index.php\/wp-json\/wp\/v2\/tags?post=1342"}],"curies":[{"name":"wp","href":"https:\/\/api.w.org\/{rel}","templated":true}]}}