{"id":557,"date":"2006-09-03T00:00:00","date_gmt":"2006-09-02T23:00:00","guid":{"rendered":"https:\/\/www.tapadera.es\/?p=557"},"modified":"2021-11-29T21:34:53","modified_gmt":"2021-11-29T20:34:53","slug":"inauguracion-de-exposicion","status":"publish","type":"post","link":"https:\/\/www.tapadera.es\/index.php\/2006\/09\/03\/inauguracion-de-exposicion\/","title":{"rendered":"Inauguraci\u00f3n de exposici\u00f3n"},"content":{"rendered":"\n<p class=\"wp-block-paragraph\">Hasta el d\u00eda 23 de septiembre se puede visitar la exposici\u00f3n \u00abSALAMANCA OLVIDADA\u00bb<\/p>\n\n\n\n<p class=\"wp-block-paragraph\">El d\u00eda 7 de Septiembre en la Galer\u00eda Benito Esteban sita en la calle Santa Clara 5 (<a rel=\"noreferrer noopener\" href=\"https:\/\/web.archive.org\/web\/20100922215347\/http:\/\/tapadera.es\/imagenes\/salamanca%20olvidada\/mapa.jpg\" target=\"_blank\">mapa<\/a>) de Salamanca (cerca de los antiguos cines Bret\u00f3n) tuvo lugar la inaguraci\u00f3n de la exposici\u00f3n de fotograf\u00edas de Vidal G. en papel\/goma bicromatada y aglomerado\/emulsi\u00f3n de plata.<\/p>\n\n\n\n<p class=\"wp-block-paragraph\">La exposici\u00f3n permanecer\u00e1 en la Galer\u00eda Benito Esteban desde el 7 al 23 de Septiembre y en nuestra galer\u00eda virtual \u00absine die\u00bb. Se puede ver siguiendo este enlace.<\/p>\n\n\n\n<figure class=\"wp-block-image size-full\"><img loading=\"lazy\" decoding=\"async\" width=\"886\" height=\"148\" src=\"https:\/\/www.tapadera.es\/wp-content\/uploads\/1636\/87\/cartel_chico.jpg\" alt=\"Cartel exposici\u00f3n &quot;Salamanca olvidada&quot;\" class=\"wp-image-143\" srcset=\"https:\/\/www.tapadera.es\/wp-content\/uploads\/1636\/87\/cartel_chico.jpg 886w, https:\/\/www.tapadera.es\/wp-content\/uploads\/1636\/87\/cartel_chico-300x50.jpg 300w, https:\/\/www.tapadera.es\/wp-content\/uploads\/1636\/87\/cartel_chico-768x128.jpg 768w\" sizes=\"auto, (max-width: 886px) 100vw, 886px\" \/><\/figure>\n","protected":false},"excerpt":{"rendered":"<p>Hasta el d\u00eda 23 de septiembre se puede visitar la exposici\u00f3n \u00abSALAMANCA OLVIDADA\u00bb El d\u00eda 7 de Septiembre en la Galer\u00eda Benito Esteban sita en la&#46;&#46;&#46;<\/p>\n","protected":false},"author":1,"featured_media":0,"comment_status":"open","ping_status":"open","sticky":false,"template":"","format":"standard","meta":{"_crdt_document":"","footnotes":""},"categories":[1],"tags":[],"class_list":["post-557","post","type-post","status-publish","format-standard","hentry","category-inmediata"],"_links":{"self":[{"href":"https:\/\/www.tapadera.es\/index.php\/wp-json\/wp\/v2\/posts\/557","targetHints":{"allow":["GET"]}}],"collection":[{"href":"https:\/\/www.tapadera.es\/index.php\/wp-json\/wp\/v2\/posts"}],"about":[{"href":"https:\/\/www.tapadera.es\/index.php\/wp-json\/wp\/v2\/types\/post"}],"author":[{"embeddable":true,"href":"https:\/\/www.tapadera.es\/index.php\/wp-json\/wp\/v2\/users\/1"}],"replies":[{"embeddable":true,"href":"https:\/\/www.tapadera.es\/index.php\/wp-json\/wp\/v2\/comments?post=557"}],"version-history":[{"count":2,"href":"https:\/\/www.tapadera.es\/index.php\/wp-json\/wp\/v2\/posts\/557\/revisions"}],"predecessor-version":[{"id":559,"href":"https:\/\/www.tapadera.es\/index.php\/wp-json\/wp\/v2\/posts\/557\/revisions\/559"}],"wp:attachment":[{"href":"https:\/\/www.tapadera.es\/index.php\/wp-json\/wp\/v2\/media?parent=557"}],"wp:term":[{"taxonomy":"category","embeddable":true,"href":"https:\/\/www.tapadera.es\/index.php\/wp-json\/wp\/v2\/categories?post=557"},{"taxonomy":"post_tag","embeddable":true,"href":"https:\/\/www.tapadera.es\/index.php\/wp-json\/wp\/v2\/tags?post=557"}],"curies":[{"name":"wp","href":"https:\/\/api.w.org\/{rel}","templated":true}]}}