{"id":682,"date":"2009-10-08T00:00:00","date_gmt":"2009-10-07T23:00:00","guid":{"rendered":"https:\/\/www.tapadera.es\/?p=682"},"modified":"2021-11-29T21:36:41","modified_gmt":"2021-11-29T20:36:41","slug":"de-vuelta-de-las-vacas","status":"publish","type":"post","link":"https:\/\/www.tapadera.es\/index.php\/2009\/10\/08\/de-vuelta-de-las-vacas\/","title":{"rendered":"De vuelta de las vacas"},"content":{"rendered":"\n<p class=\"wp-block-paragraph\">Ya s\u00e9 que algunos\/as de ustedes se estar\u00e1n preguntando a qu\u00e9 dedicamos el tiempo que ni escribimos ni nada. Ah\u00ed va la explicaci\u00f3n: est\u00e1bamos de vacaciones en las Azores (s\u00ed, donde el anticicl\u00f3n). Ya hemos regresado con las memorias llenas de fotos que deben ser tratadas para dar gusto al dios de la panor\u00e1mica al que tanto adoramos \u00faltimamente.<\/p>\n\n\n\n<p class=\"wp-block-paragraph\">Tambi\u00e9n est\u00e1 en proceso de fabricaci\u00f3n una chalaparta (txalaparta) que ser\u00e1 usada en la grabaci\u00f3n de la m\u00fasica del corto. Sin prisas, eso s\u00ed, que uno de nuestros ilustres m\u00fasicos emprende ma\u00f1ana viaje a Trinidad y Tobago y no estar\u00e1 disponible para cuestiones cortiles en unos d\u00edas.<\/p>\n\n\n\n<p class=\"wp-block-paragraph\">Seguir\u00e9 escribiendo con m\u00e1s asiduidad, lo prometo.<\/p>\n","protected":false},"excerpt":{"rendered":"<p>Ya s\u00e9 que algunos\/as de ustedes se estar\u00e1n preguntando a qu\u00e9 dedicamos el tiempo que ni escribimos ni nada. Ah\u00ed va la explicaci\u00f3n: est\u00e1bamos de vacaciones&#46;&#46;&#46;<\/p>\n","protected":false},"author":1,"featured_media":0,"comment_status":"open","ping_status":"open","sticky":false,"template":"","format":"standard","meta":{"_crdt_document":"","footnotes":""},"categories":[1],"tags":[],"class_list":["post-682","post","type-post","status-publish","format-standard","hentry","category-inmediata"],"_links":{"self":[{"href":"https:\/\/www.tapadera.es\/index.php\/wp-json\/wp\/v2\/posts\/682","targetHints":{"allow":["GET"]}}],"collection":[{"href":"https:\/\/www.tapadera.es\/index.php\/wp-json\/wp\/v2\/posts"}],"about":[{"href":"https:\/\/www.tapadera.es\/index.php\/wp-json\/wp\/v2\/types\/post"}],"author":[{"embeddable":true,"href":"https:\/\/www.tapadera.es\/index.php\/wp-json\/wp\/v2\/users\/1"}],"replies":[{"embeddable":true,"href":"https:\/\/www.tapadera.es\/index.php\/wp-json\/wp\/v2\/comments?post=682"}],"version-history":[{"count":1,"href":"https:\/\/www.tapadera.es\/index.php\/wp-json\/wp\/v2\/posts\/682\/revisions"}],"predecessor-version":[{"id":683,"href":"https:\/\/www.tapadera.es\/index.php\/wp-json\/wp\/v2\/posts\/682\/revisions\/683"}],"wp:attachment":[{"href":"https:\/\/www.tapadera.es\/index.php\/wp-json\/wp\/v2\/media?parent=682"}],"wp:term":[{"taxonomy":"category","embeddable":true,"href":"https:\/\/www.tapadera.es\/index.php\/wp-json\/wp\/v2\/categories?post=682"},{"taxonomy":"post_tag","embeddable":true,"href":"https:\/\/www.tapadera.es\/index.php\/wp-json\/wp\/v2\/tags?post=682"}],"curies":[{"name":"wp","href":"https:\/\/api.w.org\/{rel}","templated":true}]}}