{"id":686,"date":"2009-11-19T00:00:00","date_gmt":"2009-11-18T23:00:00","guid":{"rendered":"https:\/\/www.tapadera.es\/?p=686"},"modified":"2023-12-12T20:57:07","modified_gmt":"2023-12-12T19:57:07","slug":"cal-y-arena","status":"publish","type":"post","link":"https:\/\/www.tapadera.es\/index.php\/2009\/11\/19\/cal-y-arena\/","title":{"rendered":"Cal y arena"},"content":{"rendered":"\n<p class=\"wp-block-paragraph\">La exposici\u00f3n (a\u00fan an\u00f3nima) de fotos panor\u00e1micas que tendr\u00e1 lugar en Valladolid durante diciembre y enero se encuentra en febril estado de preparaci\u00f3n. No tengo mucho tiempo debido a eso, por lo que la semana que viene habr\u00e1 m\u00e1s informaci\u00f3n (cuando haya m\u00e1s tiempo).<\/p>\n\n\n\n<p class=\"wp-block-paragraph\">Por otro lado os adjunto la invitaci\u00f3n de la exposici\u00f3n que <a href=\"http:\/\/www.jeanclaudecubino.com\" type=\"URL\" id=\"www.jeanclaude.es\">Jean-Claude<\/a> tuvo en setiembre de este a\u00f1o. Por no hab\u00e9rmelo dado antes no se pudo avisar para que los interesados pudiesen acudir. En cualquier caso en la zona de descarga est\u00e1 un cat\u00e1logo (no s\u00e9 si el definitivo). Algo se entiende, despu\u00e9s de todo.<\/p>\n\n\n\n<figure class=\"wp-block-table\"><table><tbody><tr><td class=\"has-text-align-center\" data-align=\"center\"><img loading=\"lazy\" decoding=\"async\" width=\"150\" height=\"235\" class=\"wp-image-185\" style=\"width: 150px;\" src=\"https:\/\/www.tapadera.es\/wp-content\/uploads\/1636\/87\/jean-claude-gautena-expo-anverso.jpg\" alt=\"Expo Gautena de Jean Claude\" srcset=\"https:\/\/www.tapadera.es\/wp-content\/uploads\/1636\/87\/jean-claude-gautena-expo-anverso.jpg 653w, https:\/\/www.tapadera.es\/wp-content\/uploads\/1636\/87\/jean-claude-gautena-expo-anverso-191x300.jpg 191w\" sizes=\"auto, (max-width: 150px) 100vw, 150px\" \/><\/td><td class=\"has-text-align-center\" data-align=\"center\"><img loading=\"lazy\" decoding=\"async\" width=\"150\" height=\"92\" class=\"wp-image-186\" style=\"width: 150px;\" src=\"https:\/\/www.tapadera.es\/wp-content\/uploads\/1636\/87\/jean-claude-gautena-expo-reverso.jpg\" alt=\"Expo Gautena de Jean Claude\" srcset=\"https:\/\/www.tapadera.es\/wp-content\/uploads\/1636\/87\/jean-claude-gautena-expo-reverso.jpg 800w, https:\/\/www.tapadera.es\/wp-content\/uploads\/1636\/87\/jean-claude-gautena-expo-reverso-300x184.jpg 300w, https:\/\/www.tapadera.es\/wp-content\/uploads\/1636\/87\/jean-claude-gautena-expo-reverso-768x471.jpg 768w\" sizes=\"auto, (max-width: 150px) 100vw, 150px\" \/><\/td><\/tr><\/tbody><\/table><\/figure>\n","protected":false},"excerpt":{"rendered":"<p>La exposici\u00f3n (a\u00fan an\u00f3nima) de fotos panor\u00e1micas que tendr\u00e1 lugar en Valladolid durante diciembre y enero se encuentra en febril estado de preparaci\u00f3n. No tengo mucho&#46;&#46;&#46;<\/p>\n","protected":false},"author":1,"featured_media":0,"comment_status":"open","ping_status":"open","sticky":false,"template":"","format":"standard","meta":{"_crdt_document":"","footnotes":""},"categories":[1],"tags":[],"class_list":["post-686","post","type-post","status-publish","format-standard","hentry","category-inmediata"],"_links":{"self":[{"href":"https:\/\/www.tapadera.es\/index.php\/wp-json\/wp\/v2\/posts\/686","targetHints":{"allow":["GET"]}}],"collection":[{"href":"https:\/\/www.tapadera.es\/index.php\/wp-json\/wp\/v2\/posts"}],"about":[{"href":"https:\/\/www.tapadera.es\/index.php\/wp-json\/wp\/v2\/types\/post"}],"author":[{"embeddable":true,"href":"https:\/\/www.tapadera.es\/index.php\/wp-json\/wp\/v2\/users\/1"}],"replies":[{"embeddable":true,"href":"https:\/\/www.tapadera.es\/index.php\/wp-json\/wp\/v2\/comments?post=686"}],"version-history":[{"count":4,"href":"https:\/\/www.tapadera.es\/index.php\/wp-json\/wp\/v2\/posts\/686\/revisions"}],"predecessor-version":[{"id":1148,"href":"https:\/\/www.tapadera.es\/index.php\/wp-json\/wp\/v2\/posts\/686\/revisions\/1148"}],"wp:attachment":[{"href":"https:\/\/www.tapadera.es\/index.php\/wp-json\/wp\/v2\/media?parent=686"}],"wp:term":[{"taxonomy":"category","embeddable":true,"href":"https:\/\/www.tapadera.es\/index.php\/wp-json\/wp\/v2\/categories?post=686"},{"taxonomy":"post_tag","embeddable":true,"href":"https:\/\/www.tapadera.es\/index.php\/wp-json\/wp\/v2\/tags?post=686"}],"curies":[{"name":"wp","href":"https:\/\/api.w.org\/{rel}","templated":true}]}}