{"id":718,"date":"2010-05-18T00:00:00","date_gmt":"2010-05-17T23:00:00","guid":{"rendered":"https:\/\/www.tapadera.es\/?p=718"},"modified":"2021-11-29T21:37:03","modified_gmt":"2021-11-29T20:37:03","slug":"la-ciudad-y-los-velocipedos","status":"publish","type":"post","link":"https:\/\/www.tapadera.es\/index.php\/2010\/05\/18\/la-ciudad-y-los-velocipedos\/","title":{"rendered":"La ciudad y los veloc\u00edpedos"},"content":{"rendered":"\n<p class=\"wp-block-paragraph\">Estos \u00faltimos d\u00edas he estado ocupado en el retoque de las fotos de la exposici\u00f3n \u00abLa ciudad y los veloc\u00edpedos\u00bb que el Museo del Comercio de Salamanca ha inaugurado hoy mismo y que se puede visitar hasta el 20 de agosto. El pr\u00f3ximo objetivo es el DVD y la versi\u00f3n final (subt\u00edtulos incluidos, espero) del corto que se presentar\u00e1 en el mismo Museo del Comercio en fecha y hora que se anunciar\u00e1n en estas mismas p\u00e1ginas.<\/p>\n\n\n\n<div class=\"wp-block-image\"><figure class=\"aligncenter size-full\"><img loading=\"lazy\" decoding=\"async\" width=\"500\" height=\"793\" src=\"https:\/\/www.tapadera.es\/wp-content\/uploads\/1636\/87\/ciudad-velocipedos-cartel-chico.jpg\" alt=\"Cartel de la expo &quot;La ciudad y los veloc\u00edpedos&quot;\" class=\"wp-image-152\" srcset=\"https:\/\/www.tapadera.es\/wp-content\/uploads\/1636\/87\/ciudad-velocipedos-cartel-chico.jpg 500w, https:\/\/www.tapadera.es\/wp-content\/uploads\/1636\/87\/ciudad-velocipedos-cartel-chico-189x300.jpg 189w\" sizes=\"auto, (max-width: 500px) 100vw, 500px\" \/><\/figure><\/div>\n","protected":false},"excerpt":{"rendered":"<p>Estos \u00faltimos d\u00edas he estado ocupado en el retoque de las fotos de la exposici\u00f3n \u00abLa ciudad y los veloc\u00edpedos\u00bb que el Museo del Comercio de&#46;&#46;&#46;<\/p>\n","protected":false},"author":1,"featured_media":0,"comment_status":"open","ping_status":"open","sticky":false,"template":"","format":"standard","meta":{"_crdt_document":"","footnotes":""},"categories":[1],"tags":[],"class_list":["post-718","post","type-post","status-publish","format-standard","hentry","category-inmediata"],"_links":{"self":[{"href":"https:\/\/www.tapadera.es\/index.php\/wp-json\/wp\/v2\/posts\/718","targetHints":{"allow":["GET"]}}],"collection":[{"href":"https:\/\/www.tapadera.es\/index.php\/wp-json\/wp\/v2\/posts"}],"about":[{"href":"https:\/\/www.tapadera.es\/index.php\/wp-json\/wp\/v2\/types\/post"}],"author":[{"embeddable":true,"href":"https:\/\/www.tapadera.es\/index.php\/wp-json\/wp\/v2\/users\/1"}],"replies":[{"embeddable":true,"href":"https:\/\/www.tapadera.es\/index.php\/wp-json\/wp\/v2\/comments?post=718"}],"version-history":[{"count":1,"href":"https:\/\/www.tapadera.es\/index.php\/wp-json\/wp\/v2\/posts\/718\/revisions"}],"predecessor-version":[{"id":719,"href":"https:\/\/www.tapadera.es\/index.php\/wp-json\/wp\/v2\/posts\/718\/revisions\/719"}],"wp:attachment":[{"href":"https:\/\/www.tapadera.es\/index.php\/wp-json\/wp\/v2\/media?parent=718"}],"wp:term":[{"taxonomy":"category","embeddable":true,"href":"https:\/\/www.tapadera.es\/index.php\/wp-json\/wp\/v2\/categories?post=718"},{"taxonomy":"post_tag","embeddable":true,"href":"https:\/\/www.tapadera.es\/index.php\/wp-json\/wp\/v2\/tags?post=718"}],"curies":[{"name":"wp","href":"https:\/\/api.w.org\/{rel}","templated":true}]}}