{"id":743,"date":"2010-09-28T00:00:00","date_gmt":"2010-09-27T23:00:00","guid":{"rendered":"https:\/\/www.tapadera.es\/?p=743"},"modified":"2023-12-12T20:57:15","modified_gmt":"2023-12-12T19:57:15","slug":"la-expo-de-jean-claude","status":"publish","type":"post","link":"https:\/\/www.tapadera.es\/index.php\/2010\/09\/28\/la-expo-de-jean-claude\/","title":{"rendered":"La expo de Jean Claude"},"content":{"rendered":"\n<p class=\"wp-block-paragraph\">La exposici\u00f3n \u00abRecetas de un lanzador de cuchillos\u00bb de <a href=\"http:\/\/www.jeanclaudecubino.com\">Jean Claude<\/a>, estar\u00e1 visitable hasta fin de octubre, seg\u00fan creo. Os dejo la foto del d\u00eda de la inauguraci\u00f3n.<\/p>\n\n\n\n<figure class=\"wp-block-image size-full\"><img loading=\"lazy\" decoding=\"async\" width=\"1024\" height=\"768\" src=\"https:\/\/www.tapadera.es\/wp-content\/uploads\/1636\/87\/inauguracion-expo-jean-claude-lanzador-cuchillos.jpg\" alt=\"Expo &quot;Recetas de un lanzador de cuchillos&quot; de Jean Claude\" class=\"wp-image-180\" srcset=\"https:\/\/www.tapadera.es\/wp-content\/uploads\/1636\/87\/inauguracion-expo-jean-claude-lanzador-cuchillos.jpg 1024w, https:\/\/www.tapadera.es\/wp-content\/uploads\/1636\/87\/inauguracion-expo-jean-claude-lanzador-cuchillos-300x225.jpg 300w, https:\/\/www.tapadera.es\/wp-content\/uploads\/1636\/87\/inauguracion-expo-jean-claude-lanzador-cuchillos-768x576.jpg 768w\" sizes=\"auto, (max-width: 1024px) 100vw, 1024px\" \/><\/figure>\n","protected":false},"excerpt":{"rendered":"<p>La exposici\u00f3n \u00abRecetas de un lanzador de cuchillos\u00bb de Jean Claude, estar\u00e1 visitable hasta fin de octubre, seg\u00fan creo. Os dejo la foto del d\u00eda de&#46;&#46;&#46;<\/p>\n","protected":false},"author":1,"featured_media":0,"comment_status":"open","ping_status":"open","sticky":false,"template":"","format":"standard","meta":{"_crdt_document":"","footnotes":""},"categories":[1],"tags":[],"class_list":["post-743","post","type-post","status-publish","format-standard","hentry","category-inmediata"],"_links":{"self":[{"href":"https:\/\/www.tapadera.es\/index.php\/wp-json\/wp\/v2\/posts\/743","targetHints":{"allow":["GET"]}}],"collection":[{"href":"https:\/\/www.tapadera.es\/index.php\/wp-json\/wp\/v2\/posts"}],"about":[{"href":"https:\/\/www.tapadera.es\/index.php\/wp-json\/wp\/v2\/types\/post"}],"author":[{"embeddable":true,"href":"https:\/\/www.tapadera.es\/index.php\/wp-json\/wp\/v2\/users\/1"}],"replies":[{"embeddable":true,"href":"https:\/\/www.tapadera.es\/index.php\/wp-json\/wp\/v2\/comments?post=743"}],"version-history":[{"count":2,"href":"https:\/\/www.tapadera.es\/index.php\/wp-json\/wp\/v2\/posts\/743\/revisions"}],"predecessor-version":[{"id":1151,"href":"https:\/\/www.tapadera.es\/index.php\/wp-json\/wp\/v2\/posts\/743\/revisions\/1151"}],"wp:attachment":[{"href":"https:\/\/www.tapadera.es\/index.php\/wp-json\/wp\/v2\/media?parent=743"}],"wp:term":[{"taxonomy":"category","embeddable":true,"href":"https:\/\/www.tapadera.es\/index.php\/wp-json\/wp\/v2\/categories?post=743"},{"taxonomy":"post_tag","embeddable":true,"href":"https:\/\/www.tapadera.es\/index.php\/wp-json\/wp\/v2\/tags?post=743"}],"curies":[{"name":"wp","href":"https:\/\/api.w.org\/{rel}","templated":true}]}}