{"id":747,"date":"2010-11-25T00:00:00","date_gmt":"2010-11-24T23:00:00","guid":{"rendered":"https:\/\/www.tapadera.es\/?p=747"},"modified":"2025-04-01T19:06:55","modified_gmt":"2025-04-01T18:06:55","slug":"taller-de-panoramicas-en-vivo","status":"publish","type":"post","link":"https:\/\/www.tapadera.es\/index.php\/2010\/11\/25\/taller-de-panoramicas-en-vivo\/","title":{"rendered":"Taller de panor\u00e1micas en vivo"},"content":{"rendered":"\n<p class=\"wp-block-paragraph\">Ma\u00f1ana 25 de noviembre en el centro c\u00edvico Jos\u00e9 Mar\u00eda Luelmo, en la calle Armu\u00f1a 3 de Valladolid tendr\u00e1 lugar un peque\u00f1o taller de demostraci\u00f3n de confecci\u00f3n de panor\u00e1micas con herramienta robotizada. Ser\u00e1 sobre las 19:00 y todo el que quiera est\u00e1 invitado a participar en el evento.<\/p>\n\n\n\n<p class=\"wp-block-paragraph\">Por otro lado aprovecho para informaros de que el pr\u00f3ximo mes de diciembre la exposici\u00f3n de panor\u00e1micas estar\u00e1 colocada en las paredes del balneario de Medina del Campo (Valladolid), conocido como <a href=\"https:\/\/www.google.es\/maps\/place\/Hotel+Balneario+Las+Salinas\/@41.2699318,-4.9354899,17z\" type=\"link\" id=\"http:\/\/www.balneariogranhotellassalinas.com\/\">Palacio de las Salinas<\/a> , donde permanecer\u00e1 hasta primeros de enero de 2011.<\/p>\n\n\n\n<p class=\"wp-block-paragraph\">Como veis, no paramos&#8230;<\/p>\n","protected":false},"excerpt":{"rendered":"<p>Ma\u00f1ana 25 de noviembre en el centro c\u00edvico Jos\u00e9 Mar\u00eda Luelmo, en la calle Armu\u00f1a 3 de Valladolid tendr\u00e1 lugar un peque\u00f1o taller de demostraci\u00f3n de&#46;&#46;&#46;<\/p>\n","protected":false},"author":1,"featured_media":0,"comment_status":"open","ping_status":"open","sticky":false,"template":"","format":"standard","meta":{"_crdt_document":"","footnotes":""},"categories":[1],"tags":[],"class_list":["post-747","post","type-post","status-publish","format-standard","hentry","category-inmediata"],"_links":{"self":[{"href":"https:\/\/www.tapadera.es\/index.php\/wp-json\/wp\/v2\/posts\/747","targetHints":{"allow":["GET"]}}],"collection":[{"href":"https:\/\/www.tapadera.es\/index.php\/wp-json\/wp\/v2\/posts"}],"about":[{"href":"https:\/\/www.tapadera.es\/index.php\/wp-json\/wp\/v2\/types\/post"}],"author":[{"embeddable":true,"href":"https:\/\/www.tapadera.es\/index.php\/wp-json\/wp\/v2\/users\/1"}],"replies":[{"embeddable":true,"href":"https:\/\/www.tapadera.es\/index.php\/wp-json\/wp\/v2\/comments?post=747"}],"version-history":[{"count":5,"href":"https:\/\/www.tapadera.es\/index.php\/wp-json\/wp\/v2\/posts\/747\/revisions"}],"predecessor-version":[{"id":1271,"href":"https:\/\/www.tapadera.es\/index.php\/wp-json\/wp\/v2\/posts\/747\/revisions\/1271"}],"wp:attachment":[{"href":"https:\/\/www.tapadera.es\/index.php\/wp-json\/wp\/v2\/media?parent=747"}],"wp:term":[{"taxonomy":"category","embeddable":true,"href":"https:\/\/www.tapadera.es\/index.php\/wp-json\/wp\/v2\/categories?post=747"},{"taxonomy":"post_tag","embeddable":true,"href":"https:\/\/www.tapadera.es\/index.php\/wp-json\/wp\/v2\/tags?post=747"}],"curies":[{"name":"wp","href":"https:\/\/api.w.org\/{rel}","templated":true}]}}