{"id":751,"date":"2010-12-21T00:00:00","date_gmt":"2010-12-20T23:00:00","guid":{"rendered":"https:\/\/www.tapadera.es\/?p=751"},"modified":"2021-11-29T21:37:35","modified_gmt":"2021-11-29T20:37:35","slug":"preparando-la-nueva-expo","status":"publish","type":"post","link":"https:\/\/www.tapadera.es\/index.php\/2010\/12\/21\/preparando-la-nueva-expo\/","title":{"rendered":"Preparando la nueva expo"},"content":{"rendered":"\n<p class=\"wp-block-paragraph\">Si alguien se pregunta por nuestras actividades aqu\u00ed va un adelanto, exposici\u00f3n de panor\u00e1micas y planetoides en B\u00e9jar (Salamanca). Aunque la confirmaci\u00f3n definitiva est\u00e1 por llegar, el siguiente destino de los cuadros ser\u00e1 la monta\u00f1a salmantina, durante enero y febrero. Las fechas ser\u00e1n anunciadas en estas y otras p\u00e1ginas en los pr\u00f3ximos d\u00edas, en cuanto sepamos con seguridad el d\u00eda que abandonan tierras vallisoletanas.<\/p>\n\n\n\n<p class=\"wp-block-paragraph\">Tambi\u00e9n, y en otro orden de cosas, el d\u00eda 3 de enero, en la \u00abBodeguilla Guajira\u00bb, sita en la calle Estaci\u00f3n esquina con calle San Luis, en Valladolid, tendr\u00e1 lugar la inauguraci\u00f3n de otra exposici\u00f3n de fotograf\u00edas de Lisboa. All\u00ed permanecer\u00e1n hasta final de enero.<\/p>\n\n\n\n<p class=\"wp-block-paragraph\">Aunque hay m\u00e1s noticias de bastante inter\u00e9s, a\u00fan no puedes ser confirmadas, de modo que aguardamos a m\u00e1s adelante para desvelar el qu\u00e9, c\u00f3mo, cu\u00e1ndo, d\u00f3nde y porqu\u00e9.<\/p>\n\n\n\n<p class=\"wp-block-paragraph\">Actualizaci\u00f3n 2021: Desapareci\u00f3 la tal \u00abBodeguilla Guajira\u00bb<\/p>\n","protected":false},"excerpt":{"rendered":"<p>Si alguien se pregunta por nuestras actividades aqu\u00ed va un adelanto, exposici\u00f3n de panor\u00e1micas y planetoides en B\u00e9jar (Salamanca). Aunque la confirmaci\u00f3n definitiva est\u00e1 por llegar,&#46;&#46;&#46;<\/p>\n","protected":false},"author":1,"featured_media":0,"comment_status":"open","ping_status":"open","sticky":false,"template":"","format":"standard","meta":{"_crdt_document":"","footnotes":""},"categories":[1],"tags":[],"class_list":["post-751","post","type-post","status-publish","format-standard","hentry","category-inmediata"],"_links":{"self":[{"href":"https:\/\/www.tapadera.es\/index.php\/wp-json\/wp\/v2\/posts\/751","targetHints":{"allow":["GET"]}}],"collection":[{"href":"https:\/\/www.tapadera.es\/index.php\/wp-json\/wp\/v2\/posts"}],"about":[{"href":"https:\/\/www.tapadera.es\/index.php\/wp-json\/wp\/v2\/types\/post"}],"author":[{"embeddable":true,"href":"https:\/\/www.tapadera.es\/index.php\/wp-json\/wp\/v2\/users\/1"}],"replies":[{"embeddable":true,"href":"https:\/\/www.tapadera.es\/index.php\/wp-json\/wp\/v2\/comments?post=751"}],"version-history":[{"count":1,"href":"https:\/\/www.tapadera.es\/index.php\/wp-json\/wp\/v2\/posts\/751\/revisions"}],"predecessor-version":[{"id":752,"href":"https:\/\/www.tapadera.es\/index.php\/wp-json\/wp\/v2\/posts\/751\/revisions\/752"}],"wp:attachment":[{"href":"https:\/\/www.tapadera.es\/index.php\/wp-json\/wp\/v2\/media?parent=751"}],"wp:term":[{"taxonomy":"category","embeddable":true,"href":"https:\/\/www.tapadera.es\/index.php\/wp-json\/wp\/v2\/categories?post=751"},{"taxonomy":"post_tag","embeddable":true,"href":"https:\/\/www.tapadera.es\/index.php\/wp-json\/wp\/v2\/tags?post=751"}],"curies":[{"name":"wp","href":"https:\/\/api.w.org\/{rel}","templated":true}]}}