{"id":763,"date":"2011-01-20T00:00:00","date_gmt":"2011-01-19T23:00:00","guid":{"rendered":"https:\/\/www.tapadera.es\/?p=763"},"modified":"2021-11-29T21:37:42","modified_gmt":"2021-11-29T20:37:42","slug":"mi-primera-pano","status":"publish","type":"post","link":"https:\/\/www.tapadera.es\/index.php\/2011\/01\/20\/mi-primera-pano\/","title":{"rendered":"Mi primera pano"},"content":{"rendered":"\n<p class=\"wp-block-paragraph\">La foto que ilustra este art\u00edculo ha aparecido en la fase de digitalizaci\u00f3n de negativos en que ando inmerso. Se trata de una panor\u00e1mica realizada en B\u00e9jar (Salamanca) a finales de los 70, muy probablemente en 1978. Es una composici\u00f3n de dos negativos de formato 6&#215;9 tomados con una c\u00e1mara de fuelle KODAK modelo FLASH DAKON SHUTTER que a\u00fan poseo y a\u00fan funciona.<\/p>\n\n\n\n<p class=\"wp-block-paragraph\">Como se puede apreciar las obsesiones de los mayores ya est\u00e1n patentes en los adolescentes e incluso en los ni\u00f1os.<\/p>\n\n\n\n<figure class=\"wp-block-image size-large\"><img loading=\"lazy\" decoding=\"async\" width=\"1024\" height=\"398\" src=\"https:\/\/www.tapadera.es\/wp-content\/uploads\/1636\/87\/mi-primera-pano-chica-1024x398.jpg\" alt=\"Panor\u00e1mica de B\u00e9jar en 1978\" class=\"wp-image-197\" srcset=\"https:\/\/www.tapadera.es\/wp-content\/uploads\/1636\/87\/mi-primera-pano-chica-1024x398.jpg 1024w, https:\/\/www.tapadera.es\/wp-content\/uploads\/1636\/87\/mi-primera-pano-chica-300x117.jpg 300w, https:\/\/www.tapadera.es\/wp-content\/uploads\/1636\/87\/mi-primera-pano-chica-768x299.jpg 768w, https:\/\/www.tapadera.es\/wp-content\/uploads\/1636\/87\/mi-primera-pano-chica-1536x597.jpg 1536w, https:\/\/www.tapadera.es\/wp-content\/uploads\/1636\/87\/mi-primera-pano-chica-1568x610.jpg 1568w, https:\/\/www.tapadera.es\/wp-content\/uploads\/1636\/87\/mi-primera-pano-chica.jpg 1600w\" sizes=\"auto, (max-width: 1024px) 100vw, 1024px\" \/><\/figure>\n\n\n\n<p class=\"wp-block-paragraph\">Usando el bot\u00f3n derecho se puede ver a mayor tama\u00f1o, aunque la original es much\u00edsimo mayor.<\/p>\n","protected":false},"excerpt":{"rendered":"<p>La foto que ilustra este art\u00edculo ha aparecido en la fase de digitalizaci\u00f3n de negativos en que ando inmerso. Se trata de una panor\u00e1mica realizada en&#46;&#46;&#46;<\/p>\n","protected":false},"author":1,"featured_media":0,"comment_status":"open","ping_status":"open","sticky":false,"template":"","format":"standard","meta":{"_crdt_document":"","footnotes":""},"categories":[1],"tags":[],"class_list":["post-763","post","type-post","status-publish","format-standard","hentry","category-inmediata"],"_links":{"self":[{"href":"https:\/\/www.tapadera.es\/index.php\/wp-json\/wp\/v2\/posts\/763","targetHints":{"allow":["GET"]}}],"collection":[{"href":"https:\/\/www.tapadera.es\/index.php\/wp-json\/wp\/v2\/posts"}],"about":[{"href":"https:\/\/www.tapadera.es\/index.php\/wp-json\/wp\/v2\/types\/post"}],"author":[{"embeddable":true,"href":"https:\/\/www.tapadera.es\/index.php\/wp-json\/wp\/v2\/users\/1"}],"replies":[{"embeddable":true,"href":"https:\/\/www.tapadera.es\/index.php\/wp-json\/wp\/v2\/comments?post=763"}],"version-history":[{"count":3,"href":"https:\/\/www.tapadera.es\/index.php\/wp-json\/wp\/v2\/posts\/763\/revisions"}],"predecessor-version":[{"id":766,"href":"https:\/\/www.tapadera.es\/index.php\/wp-json\/wp\/v2\/posts\/763\/revisions\/766"}],"wp:attachment":[{"href":"https:\/\/www.tapadera.es\/index.php\/wp-json\/wp\/v2\/media?parent=763"}],"wp:term":[{"taxonomy":"category","embeddable":true,"href":"https:\/\/www.tapadera.es\/index.php\/wp-json\/wp\/v2\/categories?post=763"},{"taxonomy":"post_tag","embeddable":true,"href":"https:\/\/www.tapadera.es\/index.php\/wp-json\/wp\/v2\/tags?post=763"}],"curies":[{"name":"wp","href":"https:\/\/api.w.org\/{rel}","templated":true}]}}