{"id":775,"date":"2011-03-02T00:00:00","date_gmt":"2011-03-01T23:00:00","guid":{"rendered":"https:\/\/www.tapadera.es\/?p=775"},"modified":"2023-12-28T10:34:58","modified_gmt":"2023-12-28T09:34:58","slug":"flores-de-invierno","status":"publish","type":"post","link":"https:\/\/www.tapadera.es\/index.php\/2011\/03\/02\/flores-de-invierno\/","title":{"rendered":"Flores de invierno"},"content":{"rendered":"\n<p class=\"wp-block-paragraph\">Aunque no lo crean ustedes la producci\u00f3n no para ni un momento. Entre las ideas acariciadas largamente es la que ahora presento en la vida de sociedad. Se trata de la versi\u00f3n barroquizada de la ya barroca plaza mayor de Salamanca. Paso a relatar la secuencia de aparici\u00f3n de la idea.<\/p>\n\n\n\n<ul class=\"wp-block-list\">\n<li>En el a\u00f1o 2001, Mar\u00eda Ord\u00f3\u00f1ez Vicente, una colaboradora en las gu\u00edas de Salamanca, quer\u00eda que se viesen los cuatro lados de la plaza de modo simult\u00e1neo pero no en plan lineal sino que se respetase la esencia trapezoidal casi cuadrada del monumento. Aparece la versi\u00f3n de la plaza mayor \u00abaplastada\u00bb realizada de modo fotogr\u00e1fico. He de reconocer que a\u00f1os despu\u00e9s reencontr\u00e9 en una gu\u00eda callejero de 1992 la misma idea realizada en arte de l\u00ednea (vulgo dibujo).<\/li>\n\n\n\n<li>Esa idea se repite y se publica en la gu\u00eda \u00ab<a href=\"https:\/\/ciudaddecultura.org\/es\/fundacion\/publicaciones\/salamanca-barroca\" data-type=\"link\" data-id=\"https:\/\/ciudaddecultura.org\/es\/fundacion\/publicaciones\/salamanca-barroca\">Salamanca Barroca<\/a>\u00bb de la editorial <a href=\"https:\/\/ciudaddecultura.org\/es\/fundacion\/publicaciones\/\" target=\"_blank\" rel=\"noreferrer noopener\">EDIFSA<\/a> (ISBN: <a href=\"https:\/\/ciudaddecultura.org\/es\/fundacion\/publicaciones\/salamanca-barroca\" data-type=\"link\" data-id=\"https:\/\/ciudaddecultura.org\/es\/fundacion\/publicaciones\/salamanca-barroca\">84-934344-3-4<\/a>) pero cambi\u00e9 el cielo por uno negro, puse negro el centro y no ten\u00eda rayito, claro. En el interior se colocaron las letras que informaban de las dimensiones de la plaza.<\/li>\n\n\n\n<li>En el 2004 realizo una versi\u00f3n \u00ab<a href=\"http:\/\/en.wikipedia.org\/wiki\/Droste_effect\" target=\"_blank\" rel=\"noreferrer noopener\">efecto Droste<\/a> \u00bb de la misma pues el interior vacio no quedaba bien. El destino era un puzzle que le regal\u00e9 a mi hermana por su cumplea\u00f1os.<\/li>\n\n\n\n<li>Hace un par de a\u00f1os, en el intento de realizar una obra parecida a las de <a href=\"http:\/\/www.mcescher.com\/\">Escher<\/a> , descubro las herramientas matem\u00e1ticas <a href=\"http:\/\/www.complang.tuwien.ac.at\/schani\/mathmap\/\" target=\"_blank\" rel=\"noreferrer noopener\">MathMap<\/a> y su posible aplicaci\u00f3n a la fotograf\u00eda de la plaza aplastada. Lo urgente no me deja hacer lo importante, de modo que se pospone la idea pues no hab\u00eda una versi\u00f3n disponible y compilada para GIMP.<\/li>\n\n\n\n<li>C\u00e9sar Blanco descubre el <a href=\"http:\/\/www.complang.tuwien.ac.at\/schani\/mathmap\/\" target=\"_blank\" rel=\"noreferrer noopener\">MathMap<\/a> por su cuenta, me lo presenta y resulta que ya hay compilaci\u00f3n. La descargo, instalo y aqu\u00ed se presentan posibles resultados.<\/li>\n<\/ul>\n\n\n\n<p class=\"wp-block-paragraph\">Aunque est\u00e9 de m\u00e1s el decirlo, se ven m\u00e1s grandes usando el bot\u00f3n derecho. Mayores tama\u00f1os (hasta 20&#215;20 cm.) se pueden conseguir incluso impresas si se ponen ustedes en contacto con nosotros.<\/p>\n\n\n\n<p class=\"wp-block-paragraph\">Queda en el tintero la consecuci\u00f3n (si es que se puede) de una plaza tipo <a href=\"https:\/\/mcescher.com\/\">Escher<\/a>, pero bueno, igual dentro de unos a\u00f1os en estas mismas p\u00e1ginas podr\u00edan ver ustedes el resultado.<\/p>\n\n\n<div class=\"wp-block-image\">\n<figure class=\"aligncenter size-full\"><img loading=\"lazy\" decoding=\"async\" width=\"583\" height=\"581\" src=\"https:\/\/www.tapadera.es\/wp-content\/uploads\/1636\/87\/plaza-mayor-salamanca-barroquizando-el-barroco-droste-1.jpg\" alt=\"Efecto Droste de la plaza mayor de Salamanca\" class=\"wp-image-202\" srcset=\"https:\/\/www.tapadera.es\/wp-content\/uploads\/1636\/87\/plaza-mayor-salamanca-barroquizando-el-barroco-droste-1.jpg 583w, https:\/\/www.tapadera.es\/wp-content\/uploads\/1636\/87\/plaza-mayor-salamanca-barroquizando-el-barroco-droste-1-300x300.jpg 300w, https:\/\/www.tapadera.es\/wp-content\/uploads\/1636\/87\/plaza-mayor-salamanca-barroquizando-el-barroco-droste-1-150x150.jpg 150w\" sizes=\"auto, (max-width: 583px) 100vw, 583px\" \/><\/figure>\n<\/div>\n\n<div class=\"wp-block-image\">\n<figure class=\"aligncenter size-full\"><img loading=\"lazy\" decoding=\"async\" width=\"600\" height=\"600\" src=\"https:\/\/www.tapadera.es\/wp-content\/uploads\/1636\/87\/plaza-mayor-salamanca-barroquizando-el-barroco-droste-2.jpg\" alt=\"Efecto Droste de la plaza mayor de Salamanca\" class=\"wp-image-203\" srcset=\"https:\/\/www.tapadera.es\/wp-content\/uploads\/1636\/87\/plaza-mayor-salamanca-barroquizando-el-barroco-droste-2.jpg 600w, https:\/\/www.tapadera.es\/wp-content\/uploads\/1636\/87\/plaza-mayor-salamanca-barroquizando-el-barroco-droste-2-300x300.jpg 300w, https:\/\/www.tapadera.es\/wp-content\/uploads\/1636\/87\/plaza-mayor-salamanca-barroquizando-el-barroco-droste-2-150x150.jpg 150w\" sizes=\"auto, (max-width: 600px) 100vw, 600px\" \/><\/figure>\n<\/div>","protected":false},"excerpt":{"rendered":"<p>Aunque no lo crean ustedes la producci\u00f3n no para ni un momento. Entre las ideas acariciadas largamente es la que ahora presento en la vida de&#46;&#46;&#46;<\/p>\n","protected":false},"author":1,"featured_media":0,"comment_status":"open","ping_status":"open","sticky":false,"template":"","format":"standard","meta":{"_crdt_document":"","footnotes":""},"categories":[1],"tags":[],"class_list":["post-775","post","type-post","status-publish","format-standard","hentry","category-inmediata"],"_links":{"self":[{"href":"https:\/\/www.tapadera.es\/index.php\/wp-json\/wp\/v2\/posts\/775","targetHints":{"allow":["GET"]}}],"collection":[{"href":"https:\/\/www.tapadera.es\/index.php\/wp-json\/wp\/v2\/posts"}],"about":[{"href":"https:\/\/www.tapadera.es\/index.php\/wp-json\/wp\/v2\/types\/post"}],"author":[{"embeddable":true,"href":"https:\/\/www.tapadera.es\/index.php\/wp-json\/wp\/v2\/users\/1"}],"replies":[{"embeddable":true,"href":"https:\/\/www.tapadera.es\/index.php\/wp-json\/wp\/v2\/comments?post=775"}],"version-history":[{"count":5,"href":"https:\/\/www.tapadera.es\/index.php\/wp-json\/wp\/v2\/posts\/775\/revisions"}],"predecessor-version":[{"id":1174,"href":"https:\/\/www.tapadera.es\/index.php\/wp-json\/wp\/v2\/posts\/775\/revisions\/1174"}],"wp:attachment":[{"href":"https:\/\/www.tapadera.es\/index.php\/wp-json\/wp\/v2\/media?parent=775"}],"wp:term":[{"taxonomy":"category","embeddable":true,"href":"https:\/\/www.tapadera.es\/index.php\/wp-json\/wp\/v2\/categories?post=775"},{"taxonomy":"post_tag","embeddable":true,"href":"https:\/\/www.tapadera.es\/index.php\/wp-json\/wp\/v2\/tags?post=775"}],"curies":[{"name":"wp","href":"https:\/\/api.w.org\/{rel}","templated":true}]}}