{"id":783,"date":"2011-04-26T00:00:00","date_gmt":"2011-04-25T23:00:00","guid":{"rendered":"https:\/\/www.tapadera.es\/?p=783"},"modified":"2021-11-29T21:37:58","modified_gmt":"2021-11-29T20:37:58","slug":"fechas-definitivas-para-la-expo-de-salamanca","status":"publish","type":"post","link":"https:\/\/www.tapadera.es\/index.php\/2011\/04\/26\/fechas-definitivas-para-la-expo-de-salamanca\/","title":{"rendered":"Fechas definitivas para la expo de Salamanca"},"content":{"rendered":"\n<p class=\"wp-block-paragraph\">La inauguraci\u00f3n de la exposici\u00f3n de fotograf\u00edas de Salamanca es:<\/p>\n\n\n\n<p class=\"wp-block-paragraph\">Inauguraci\u00f3n: 13 de mayo<br>Clausura: 14 de junio<\/p>\n\n\n\n<p class=\"wp-block-paragraph\">Con tiempo avisaremos de la hora aproximada en que estaremos tomando vinos y firmando aut\u00f3grafos en el centro municipal de cultura Juli\u00e1n S\u00e1nchez \u00bb El charro\u00bb.<\/p>\n\n\n\n<p class=\"wp-block-paragraph\">La semana anterior, el viernes 6, estaremos en la presentaci\u00f3n del libro y web \u00abR\u00edos de luz\u00bb del ayuntamiento de Valladolid donde hemos trabajado. Oportunamente dejaremos caer la direcci\u00f3n web donde se podr\u00e1 visitar el trabajo.<\/p>\n\n\n\n<p class=\"wp-block-paragraph\">De momento nada m\u00e1s (y nada menos).<\/p>\n","protected":false},"excerpt":{"rendered":"<p>La inauguraci\u00f3n de la exposici\u00f3n de fotograf\u00edas de Salamanca es: Inauguraci\u00f3n: 13 de mayoClausura: 14 de junio Con tiempo avisaremos de la hora aproximada en que&#46;&#46;&#46;<\/p>\n","protected":false},"author":1,"featured_media":0,"comment_status":"open","ping_status":"open","sticky":false,"template":"","format":"standard","meta":{"_crdt_document":"","footnotes":""},"categories":[1],"tags":[],"class_list":["post-783","post","type-post","status-publish","format-standard","hentry","category-inmediata"],"_links":{"self":[{"href":"https:\/\/www.tapadera.es\/index.php\/wp-json\/wp\/v2\/posts\/783","targetHints":{"allow":["GET"]}}],"collection":[{"href":"https:\/\/www.tapadera.es\/index.php\/wp-json\/wp\/v2\/posts"}],"about":[{"href":"https:\/\/www.tapadera.es\/index.php\/wp-json\/wp\/v2\/types\/post"}],"author":[{"embeddable":true,"href":"https:\/\/www.tapadera.es\/index.php\/wp-json\/wp\/v2\/users\/1"}],"replies":[{"embeddable":true,"href":"https:\/\/www.tapadera.es\/index.php\/wp-json\/wp\/v2\/comments?post=783"}],"version-history":[{"count":1,"href":"https:\/\/www.tapadera.es\/index.php\/wp-json\/wp\/v2\/posts\/783\/revisions"}],"predecessor-version":[{"id":784,"href":"https:\/\/www.tapadera.es\/index.php\/wp-json\/wp\/v2\/posts\/783\/revisions\/784"}],"wp:attachment":[{"href":"https:\/\/www.tapadera.es\/index.php\/wp-json\/wp\/v2\/media?parent=783"}],"wp:term":[{"taxonomy":"category","embeddable":true,"href":"https:\/\/www.tapadera.es\/index.php\/wp-json\/wp\/v2\/categories?post=783"},{"taxonomy":"post_tag","embeddable":true,"href":"https:\/\/www.tapadera.es\/index.php\/wp-json\/wp\/v2\/tags?post=783"}],"curies":[{"name":"wp","href":"https:\/\/api.w.org\/{rel}","templated":true}]}}