{"id":785,"date":"2011-05-10T00:00:00","date_gmt":"2011-05-09T23:00:00","guid":{"rendered":"https:\/\/www.tapadera.es\/?p=785"},"modified":"2021-11-29T21:38:07","modified_gmt":"2021-11-29T20:38:07","slug":"sobre-la-presentacion-del-libro-rios-de-luz","status":"publish","type":"post","link":"https:\/\/www.tapadera.es\/index.php\/2011\/05\/10\/sobre-la-presentacion-del-libro-rios-de-luz\/","title":{"rendered":"Sobre la presentaci\u00f3n del libro \u00abR\u00edos de luz\u00bb"},"content":{"rendered":"\n<p class=\"wp-block-paragraph\">M\u00e1s abajo pod\u00e9is ver un enlace al art\u00edculo m\u00e1s completo que he encontrado sobre la presentaci\u00f3n del libro que tuvo lugar el viernes pasado en el contexto de la Feria del Libro de Valladolid. Y digo el m\u00e1s completo porque es el \u00fanico en que citan a C\u00e9sar Blanco y a Vidal G. que han participado con algunas fotograf\u00edas (4) y la visita virtual incluida en el dvd que acompa\u00f1a.<\/p>\n\n\n\n<p class=\"wp-block-paragraph\"><a href=\"https:\/\/web.archive.org\/web\/20130614133644\/http:\/\/www.expreso.info\/es\/noticias\/biblioteca\/20004_presentada_la_publicacion_valladolid_rios_de_luz\" target=\"_blank\" rel=\"noreferrer noopener\">http:\/\/www.expreso.info\/es\/noticias\/biblioteca\/20004_presentada_la_publicacion_valladolid_rios_de_luz<\/a><\/p>\n\n\n\n<p class=\"wp-block-paragraph\">Sirva esto como aperitivo al apretado fin de semana que nos espera con la presentaci\u00f3n de la exposici\u00f3n el viernes (creo, ya confirmar\u00e9) y la presentaci\u00f3n del libro de Luis Ingelmo (viejo amigo de esta casa) el s\u00e1bado 14 de mayo en la Casa de las Conchas (Salamanca) a las 19:00 horas.<\/p>\n","protected":false},"excerpt":{"rendered":"<p>M\u00e1s abajo pod\u00e9is ver un enlace al art\u00edculo m\u00e1s completo que he encontrado sobre la presentaci\u00f3n del libro que tuvo lugar el viernes pasado en el&#46;&#46;&#46;<\/p>\n","protected":false},"author":1,"featured_media":0,"comment_status":"open","ping_status":"open","sticky":false,"template":"","format":"standard","meta":{"_crdt_document":"","footnotes":""},"categories":[1],"tags":[],"class_list":["post-785","post","type-post","status-publish","format-standard","hentry","category-inmediata"],"_links":{"self":[{"href":"https:\/\/www.tapadera.es\/index.php\/wp-json\/wp\/v2\/posts\/785","targetHints":{"allow":["GET"]}}],"collection":[{"href":"https:\/\/www.tapadera.es\/index.php\/wp-json\/wp\/v2\/posts"}],"about":[{"href":"https:\/\/www.tapadera.es\/index.php\/wp-json\/wp\/v2\/types\/post"}],"author":[{"embeddable":true,"href":"https:\/\/www.tapadera.es\/index.php\/wp-json\/wp\/v2\/users\/1"}],"replies":[{"embeddable":true,"href":"https:\/\/www.tapadera.es\/index.php\/wp-json\/wp\/v2\/comments?post=785"}],"version-history":[{"count":1,"href":"https:\/\/www.tapadera.es\/index.php\/wp-json\/wp\/v2\/posts\/785\/revisions"}],"predecessor-version":[{"id":786,"href":"https:\/\/www.tapadera.es\/index.php\/wp-json\/wp\/v2\/posts\/785\/revisions\/786"}],"wp:attachment":[{"href":"https:\/\/www.tapadera.es\/index.php\/wp-json\/wp\/v2\/media?parent=785"}],"wp:term":[{"taxonomy":"category","embeddable":true,"href":"https:\/\/www.tapadera.es\/index.php\/wp-json\/wp\/v2\/categories?post=785"},{"taxonomy":"post_tag","embeddable":true,"href":"https:\/\/www.tapadera.es\/index.php\/wp-json\/wp\/v2\/tags?post=785"}],"curies":[{"name":"wp","href":"https:\/\/api.w.org\/{rel}","templated":true}]}}