{"id":809,"date":"2012-12-19T00:00:00","date_gmt":"2012-12-18T23:00:00","guid":{"rendered":"https:\/\/www.tapadera.es\/?p=809"},"modified":"2021-11-29T21:38:22","modified_gmt":"2021-11-29T20:38:22","slug":"recuperado-para-el-archivo","status":"publish","type":"post","link":"https:\/\/www.tapadera.es\/index.php\/2012\/12\/19\/recuperado-para-el-archivo\/","title":{"rendered":"Recuperado para el archivo"},"content":{"rendered":"\n<p class=\"wp-block-paragraph\">He estado ocupado recuperando para poner en l\u00ednea de nuevo una vieja web, la de la exposici\u00f3n de pintadas \u00abLa voz de piedra\u00bb que hab\u00eda quedado perdida en una de las migraciones que la inform\u00e1tica nos regala.<\/p>\n\n\n\n<p class=\"wp-block-paragraph\">Pues aqu\u00ed est\u00e1 de nuevo, en otro lugar, claro, y con los defectos con que la obsolescencia ti\u00f1e los viejos trabajos de dise\u00f1o web.<\/p>\n\n\n\n<p class=\"wp-block-paragraph\">Espero que la disfruten. Cuando tenga otro rato recuperar\u00e9 la otra exposici\u00f3n perdida \u00abSalamanca para el recuerdo\u00bb que tambi\u00e9n qued\u00f3 sepultada en cierto terremoto digital.<\/p>\n\n\n\n<div class=\"wp-block-image\"><figure class=\"aligncenter size-full\"><img loading=\"lazy\" decoding=\"async\" width=\"595\" height=\"283\" src=\"https:\/\/www.tapadera.es\/wp-content\/uploads\/1636\/87\/invitacion_dirdam_anverso.jpg\" alt=\"Exposici\u00f3n &quot;La voz de piedra&quot;\" class=\"wp-image-183\" srcset=\"https:\/\/www.tapadera.es\/wp-content\/uploads\/1636\/87\/invitacion_dirdam_anverso.jpg 595w, https:\/\/www.tapadera.es\/wp-content\/uploads\/1636\/87\/invitacion_dirdam_anverso-300x143.jpg 300w\" sizes=\"auto, (max-width: 595px) 100vw, 595px\" \/><\/figure><\/div>\n\n\n\n<p class=\"wp-block-paragraph\">Actualizaci\u00f3n 2021: dentro de un tiempo estar\u00e1 de nuevo disponible esta exposici\u00f3n virtual, espero.<\/p>\n","protected":false},"excerpt":{"rendered":"<p>He estado ocupado recuperando para poner en l\u00ednea de nuevo una vieja web, la de la exposici\u00f3n de pintadas \u00abLa voz de piedra\u00bb que hab\u00eda quedado&#46;&#46;&#46;<\/p>\n","protected":false},"author":1,"featured_media":0,"comment_status":"open","ping_status":"open","sticky":false,"template":"","format":"standard","meta":{"_crdt_document":"","footnotes":""},"categories":[1],"tags":[],"class_list":["post-809","post","type-post","status-publish","format-standard","hentry","category-inmediata"],"_links":{"self":[{"href":"https:\/\/www.tapadera.es\/index.php\/wp-json\/wp\/v2\/posts\/809","targetHints":{"allow":["GET"]}}],"collection":[{"href":"https:\/\/www.tapadera.es\/index.php\/wp-json\/wp\/v2\/posts"}],"about":[{"href":"https:\/\/www.tapadera.es\/index.php\/wp-json\/wp\/v2\/types\/post"}],"author":[{"embeddable":true,"href":"https:\/\/www.tapadera.es\/index.php\/wp-json\/wp\/v2\/users\/1"}],"replies":[{"embeddable":true,"href":"https:\/\/www.tapadera.es\/index.php\/wp-json\/wp\/v2\/comments?post=809"}],"version-history":[{"count":1,"href":"https:\/\/www.tapadera.es\/index.php\/wp-json\/wp\/v2\/posts\/809\/revisions"}],"predecessor-version":[{"id":810,"href":"https:\/\/www.tapadera.es\/index.php\/wp-json\/wp\/v2\/posts\/809\/revisions\/810"}],"wp:attachment":[{"href":"https:\/\/www.tapadera.es\/index.php\/wp-json\/wp\/v2\/media?parent=809"}],"wp:term":[{"taxonomy":"category","embeddable":true,"href":"https:\/\/www.tapadera.es\/index.php\/wp-json\/wp\/v2\/categories?post=809"},{"taxonomy":"post_tag","embeddable":true,"href":"https:\/\/www.tapadera.es\/index.php\/wp-json\/wp\/v2\/tags?post=809"}],"curies":[{"name":"wp","href":"https:\/\/api.w.org\/{rel}","templated":true}]}}