{"id":817,"date":"2013-06-14T00:00:00","date_gmt":"2013-06-13T23:00:00","guid":{"rendered":"https:\/\/www.tapadera.es\/?p=817"},"modified":"2024-03-10T18:11:39","modified_gmt":"2024-03-10T17:11:39","slug":"el-lastre-del-recuerdo","status":"publish","type":"post","link":"https:\/\/www.tapadera.es\/index.php\/2013\/06\/14\/el-lastre-del-recuerdo\/","title":{"rendered":"El lastre del recuerdo"},"content":{"rendered":"\n<p class=\"wp-block-paragraph\">\u00bfQui\u00e9n no ha sentido alguna vez esa sensaci\u00f3n de que, como dice el tango, \u00abveinte a\u00f1os no es nada\u00bb. Pues en este caso, amiguetes, 25 a\u00f1os son. Vean y guarde, para el futuro recuerdo, la colecci\u00f3n de fotos que hice el d\u00eda 1 de junio de 2013, cuarto de siglo del \u00ab<a href=\"http:\/\/www.cambalachebar.es\/\">Cambalache<\/a> \u00bb que (s\u00f3lo ahora, por fin) tiene su propia web (desactualizada, como debe ser).<\/p>\n\n\n\n<p class=\"wp-block-paragraph\">Y es en estos d\u00edas infames en que la memoria nos trae a los amigos muertos, a los que viven como muertos, y a los que mueren como vivos. Filosof\u00eda de barra, como dir\u00eda uno que yo me s\u00e9.<\/p>\n\n\n\n<p class=\"wp-block-paragraph\">No m\u00e1s palabras, pasen a la galer\u00eda de im\u00e1genes. Se admiten comentarios, peticiones, invitaciones y donaciones. De hecho todo lo que termine en ciones (menos ambiciones).<\/p>\n\n\n\n<p class=\"wp-block-paragraph\">Salud y aniversarios mutantes.<\/p>\n\n\n\n<div class=\"wp-block-image\"><figure class=\"aligncenter size-large\"><img loading=\"lazy\" decoding=\"async\" width=\"1024\" height=\"448\" src=\"https:\/\/www.tapadera.es\/wp-content\/uploads\/1636\/89\/anverso-1024x448.jpg\" alt=\"Invitaci\u00f3n de la fiesta de 25 aniversario del &quot;Cambalache (Salamanca)&quot;\" class=\"wp-image-503\" srcset=\"https:\/\/www.tapadera.es\/wp-content\/uploads\/1636\/89\/anverso-1024x448.jpg 1024w, https:\/\/www.tapadera.es\/wp-content\/uploads\/1636\/89\/anverso-300x131.jpg 300w, https:\/\/www.tapadera.es\/wp-content\/uploads\/1636\/89\/anverso-768x336.jpg 768w, https:\/\/www.tapadera.es\/wp-content\/uploads\/1636\/89\/anverso-1536x672.jpg 1536w, https:\/\/www.tapadera.es\/wp-content\/uploads\/1636\/89\/anverso-2048x896.jpg 2048w, https:\/\/www.tapadera.es\/wp-content\/uploads\/1636\/89\/anverso-1568x686.jpg 1568w\" sizes=\"auto, (max-width: 1024px) 100vw, 1024px\" \/><\/figure><\/div>\n\n\n\n<p class=\"wp-block-paragraph\">Hay hasta un par de v\u00eddeos, uno de los cuales es publicable sin temor a los fundamentalistas de los derechos de autor. Ya lo pongo la semana que viene, que ahora estoy hasta las trenzas. Buenas noches.<\/p>\n","protected":false},"excerpt":{"rendered":"<p>\u00bfQui\u00e9n no ha sentido alguna vez esa sensaci\u00f3n de que, como dice el tango, \u00abveinte a\u00f1os no es nada\u00bb. Pues en este caso, amiguetes, 25 a\u00f1os&#46;&#46;&#46;<\/p>\n","protected":false},"author":1,"featured_media":0,"comment_status":"open","ping_status":"open","sticky":false,"template":"","format":"standard","meta":{"_crdt_document":"","footnotes":""},"categories":[1],"tags":[],"class_list":["post-817","post","type-post","status-publish","format-standard","hentry","category-inmediata"],"_links":{"self":[{"href":"https:\/\/www.tapadera.es\/index.php\/wp-json\/wp\/v2\/posts\/817","targetHints":{"allow":["GET"]}}],"collection":[{"href":"https:\/\/www.tapadera.es\/index.php\/wp-json\/wp\/v2\/posts"}],"about":[{"href":"https:\/\/www.tapadera.es\/index.php\/wp-json\/wp\/v2\/types\/post"}],"author":[{"embeddable":true,"href":"https:\/\/www.tapadera.es\/index.php\/wp-json\/wp\/v2\/users\/1"}],"replies":[{"embeddable":true,"href":"https:\/\/www.tapadera.es\/index.php\/wp-json\/wp\/v2\/comments?post=817"}],"version-history":[{"count":2,"href":"https:\/\/www.tapadera.es\/index.php\/wp-json\/wp\/v2\/posts\/817\/revisions"}],"predecessor-version":[{"id":1193,"href":"https:\/\/www.tapadera.es\/index.php\/wp-json\/wp\/v2\/posts\/817\/revisions\/1193"}],"wp:attachment":[{"href":"https:\/\/www.tapadera.es\/index.php\/wp-json\/wp\/v2\/media?parent=817"}],"wp:term":[{"taxonomy":"category","embeddable":true,"href":"https:\/\/www.tapadera.es\/index.php\/wp-json\/wp\/v2\/categories?post=817"},{"taxonomy":"post_tag","embeddable":true,"href":"https:\/\/www.tapadera.es\/index.php\/wp-json\/wp\/v2\/tags?post=817"}],"curies":[{"name":"wp","href":"https:\/\/api.w.org\/{rel}","templated":true}]}}